{"id":1125,"date":"2025-05-05T11:47:00","date_gmt":"2025-05-05T11:47:00","guid":{"rendered":"https:\/\/respektieredeinegrenzen.com\/?p=1125"},"modified":"2025-07-15T11:30:07","modified_gmt":"2025-07-15T11:30:07","slug":"radfahren-in-kaernten","status":"publish","type":"post","link":"https:\/\/respektieredeinegrenzen.com\/index.php\/2025\/05\/05\/radfahren-in-kaernten\/","title":{"rendered":"Radfahren in K\u00e4rnten"},"content":{"rendered":"\n<p class=\"has-vivid-red-color has-text-color has-large-font-size\"><strong>Wanderungen in K\u00e4rnten<\/strong><\/p>\n\n\n\n<p class=\"has-medium-font-size\"><\/p>\n\n\n\n<p><strong>Radurlaub in \u00d6sterreich auf der sonnigen S\u00fcdseite der Alpen. Bestens beschilderte, sichere Radwege und warme Badeseen garantieren intensive Erlebnisse. Radfahren im nahen S\u00fcden, mit \u00dcberdurchschnittlich viele Sonnenstunden. Das milde Klima sorgt f\u00fcr Ihr Wohl. Wie w\u00e4re es mit der gro\u00dfen K\u00e4rntner Seen-Schleife? Sie ist 340 km lang. Eine traumhafte Mehrtagestour in f\u00fcnf See-Regionen.<\/strong> <\/p>\n\n\n\n<p>Hier finden Sie mehr Infos zum <a href=\"https:\/\/www.kaernten.at\/seenschleife\/?gclid=Cj0KCQjwmuiTBhDoARIsAPiv6L-NXL1O73ohwZVjgCl6lTFTxK1_dTTiE235U8qW3Jbjie9Ktu2QSc8aAjwXEALw_wcB\" target=\"_blank\" rel=\"noreferrer noopener\"><strong>Radland K\u00e4rnten.<\/strong><\/a><meta charset=\"utf-8\"><\/p>\n<div class=\"sharedaddy sd-sharing-enabled\"><div class=\"robots-nocontent sd-block sd-social sd-social-icon-text sd-sharing\"><h3 class=\"sd-title\">Teilen mit:<\/h3><div class=\"sd-content\"><ul><li class=\"share-twitter\"><a rel=\"nofollow noopener noreferrer\" data-shared=\"sharing-twitter-1125\" class=\"share-twitter sd-button share-icon\" href=\"https:\/\/respektieredeinegrenzen.com\/index.php\/2025\/05\/05\/radfahren-in-kaernten\/?share=twitter\" target=\"_blank\" title=\"Klick, um \u00fcber Twitter zu teilen\"><span>Twitter<\/span><\/a><\/li><li class=\"share-facebook\"><a rel=\"nofollow noopener noreferrer\" data-shared=\"sharing-facebook-1125\" class=\"share-facebook sd-button share-icon\" href=\"https:\/\/respektieredeinegrenzen.com\/index.php\/2025\/05\/05\/radfahren-in-kaernten\/?share=facebook\" target=\"_blank\" title=\"Klick, um auf Facebook zu teilen\"><span>Facebook<\/span><\/a><\/li><li class=\"share-end\"><\/li><\/ul><\/div><\/div><\/div>","protected":false},"excerpt":{"rendered":"<p>Wanderungen in K\u00e4rnten Radurlaub in \u00d6sterreich auf der sonnigen S\u00fcdseite der Alpen. Bestens beschilderte, sichere Radwege und warme Badeseen garantieren intensive Erlebnisse. Radfahren im nahen S\u00fcden, mit \u00dcberdurchschnittlich viele Sonnenstunden. Das milde Klima sorgt f\u00fcr Ihr Wohl. Wie w\u00e4re es&hellip;<\/p>\n<div class=\"sharedaddy sd-sharing-enabled\"><div class=\"robots-nocontent sd-block sd-social sd-social-icon-text sd-sharing\"><h3 class=\"sd-title\">Teilen mit:<\/h3><div class=\"sd-content\"><ul><li class=\"share-twitter\"><a rel=\"nofollow noopener noreferrer\" data-shared=\"sharing-twitter-1125\" class=\"share-twitter sd-button share-icon\" href=\"https:\/\/respektieredeinegrenzen.com\/index.php\/2025\/05\/05\/radfahren-in-kaernten\/?share=twitter\" target=\"_blank\" title=\"Klick, um \u00fcber Twitter zu teilen\"><span>Twitter<\/span><\/a><\/li><li class=\"share-facebook\"><a rel=\"nofollow noopener noreferrer\" data-shared=\"sharing-facebook-1125\" class=\"share-facebook sd-button share-icon\" href=\"https:\/\/respektieredeinegrenzen.com\/index.php\/2025\/05\/05\/radfahren-in-kaernten\/?share=facebook\" target=\"_blank\" title=\"Klick, um auf Facebook zu teilen\"><span>Facebook<\/span><\/a><\/li><li class=\"share-end\"><\/li><\/ul><\/div><\/div><\/div>","protected":false},"author":1,"featured_media":1126,"comment_status":"open","ping_status":"open","sticky":false,"template":"","format":"standard","meta":{"spay_email":"","footnotes":""},"categories":[9],"tags":[],"post_series":[],"class_list":["post-1125","post","type-post","status-publish","format-standard","has-post-thumbnail","hentry","category-winterwissen","entry","has-media"],"yoast_head":"<!-- This site is optimized with the Yoast SEO plugin v16.5 - https:\/\/yoast.com\/wordpress\/plugins\/seo\/ -->\n<title>Radfahren in K\u00e4rnten - Respektiere deine Grenzen<\/title>\n<meta name=\"robots\" content=\"index, follow, max-snippet:-1, max-image-preview:large, max-video-preview:-1\" \/>\n<link rel=\"canonical\" href=\"https:\/\/respektieredeinegrenzen.com\/index.php\/2025\/05\/05\/radfahren-in-kaernten\/\" \/>\n<meta property=\"og:locale\" content=\"de_DE\" \/>\n<meta property=\"og:type\" content=\"article\" \/>\n<meta property=\"og:title\" content=\"Radfahren in K\u00e4rnten - Respektiere deine Grenzen\" \/>\n<meta property=\"og:description\" content=\"Wanderungen in K\u00e4rnten Radurlaub in \u00d6sterreich auf der sonnigen S\u00fcdseite der Alpen. Bestens beschilderte, sichere Radwege und warme Badeseen garantieren intensive Erlebnisse. Radfahren im nahen S\u00fcden, mit \u00dcberdurchschnittlich viele Sonnenstunden. Das milde Klima sorgt f\u00fcr Ihr Wohl. Wie w\u00e4re es&hellip;\" \/>\n<meta property=\"og:url\" content=\"https:\/\/respektieredeinegrenzen.com\/index.php\/2025\/05\/05\/radfahren-in-kaernten\/\" \/>\n<meta property=\"og:site_name\" content=\"Respektiere deine Grenzen\" \/>\n<meta property=\"article:published_time\" content=\"2025-05-05T11:47:00+00:00\" \/>\n<meta property=\"article:modified_time\" content=\"2025-07-15T11:30:07+00:00\" \/>\n<meta property=\"og:image\" content=\"https:\/\/respektieredeinegrenzen.com\/wp-content\/uploads\/2022\/05\/millstaetter_see_berggasthof_bergfried_doebriach_Uwe-Geissler_Kaernten-Werbung.jpg\" \/>\n\t<meta property=\"og:image:width\" content=\"1200\" \/>\n\t<meta property=\"og:image:height\" content=\"799\" \/>\n<meta name=\"twitter:card\" content=\"summary_large_image\" \/>\n<meta name=\"twitter:label1\" content=\"Gesch\u00e4tzte Lesezeit\" \/>\n\t<meta name=\"twitter:data1\" content=\"1\u00a0Minute\" \/>\n<script type=\"application\/ld+json\" class=\"yoast-schema-graph\">{\"@context\":\"https:\/\/schema.org\",\"@graph\":[{\"@type\":\"Organization\",\"@id\":\"https:\/\/respektieredeinegrenzen.com\/#organization\",\"name\":\"Respektiere deine Grenzen\",\"url\":\"https:\/\/respektieredeinegrenzen.com\/\",\"sameAs\":[],\"logo\":{\"@type\":\"ImageObject\",\"@id\":\"https:\/\/respektieredeinegrenzen.com\/#logo\",\"inLanguage\":\"de\",\"url\":\"https:\/\/respektieredeinegrenzen.com\/wp-content\/uploads\/2021\/06\/Unknown.png\",\"contentUrl\":\"https:\/\/respektieredeinegrenzen.com\/wp-content\/uploads\/2021\/06\/Unknown.png\",\"width\":388,\"height\":130,\"caption\":\"Respektiere deine Grenzen\"},\"image\":{\"@id\":\"https:\/\/respektieredeinegrenzen.com\/#logo\"}},{\"@type\":\"WebSite\",\"@id\":\"https:\/\/respektieredeinegrenzen.com\/#website\",\"url\":\"https:\/\/respektieredeinegrenzen.com\/\",\"name\":\"Respektiere deine Grenzen\",\"description\":\"Land K\\u00e4rnten\",\"publisher\":{\"@id\":\"https:\/\/respektieredeinegrenzen.com\/#organization\"},\"potentialAction\":[{\"@type\":\"SearchAction\",\"target\":\"https:\/\/respektieredeinegrenzen.com\/?s={search_term_string}\",\"query-input\":\"required name=search_term_string\"}],\"inLanguage\":\"de\"},{\"@type\":\"ImageObject\",\"@id\":\"https:\/\/respektieredeinegrenzen.com\/index.php\/2025\/05\/05\/radfahren-in-kaernten\/#primaryimage\",\"inLanguage\":\"de\",\"url\":\"https:\/\/respektieredeinegrenzen.com\/wp-content\/uploads\/2022\/05\/millstaetter_see_berggasthof_bergfried_doebriach_Uwe-Geissler_Kaernten-Werbung.jpg\",\"contentUrl\":\"https:\/\/respektieredeinegrenzen.com\/wp-content\/uploads\/2022\/05\/millstaetter_see_berggasthof_bergfried_doebriach_Uwe-Geissler_Kaernten-Werbung.jpg\",\"width\":1200,\"height\":799},{\"@type\":\"WebPage\",\"@id\":\"https:\/\/respektieredeinegrenzen.com\/index.php\/2025\/05\/05\/radfahren-in-kaernten\/#webpage\",\"url\":\"https:\/\/respektieredeinegrenzen.com\/index.php\/2025\/05\/05\/radfahren-in-kaernten\/\",\"name\":\"Radfahren in K\\u00e4rnten - Respektiere deine Grenzen\",\"isPartOf\":{\"@id\":\"https:\/\/respektieredeinegrenzen.com\/#website\"},\"primaryImageOfPage\":{\"@id\":\"https:\/\/respektieredeinegrenzen.com\/index.php\/2025\/05\/05\/radfahren-in-kaernten\/#primaryimage\"},\"datePublished\":\"2025-05-05T11:47:00+00:00\",\"dateModified\":\"2025-07-15T11:30:07+00:00\",\"breadcrumb\":{\"@id\":\"https:\/\/respektieredeinegrenzen.com\/index.php\/2025\/05\/05\/radfahren-in-kaernten\/#breadcrumb\"},\"inLanguage\":\"de\",\"potentialAction\":[{\"@type\":\"ReadAction\",\"target\":[\"https:\/\/respektieredeinegrenzen.com\/index.php\/2025\/05\/05\/radfahren-in-kaernten\/\"]}]},{\"@type\":\"BreadcrumbList\",\"@id\":\"https:\/\/respektieredeinegrenzen.com\/index.php\/2025\/05\/05\/radfahren-in-kaernten\/#breadcrumb\",\"itemListElement\":[{\"@type\":\"ListItem\",\"position\":1,\"name\":\"Radfahren in K\\u00e4rnten\"}]},{\"@type\":\"Article\",\"@id\":\"https:\/\/respektieredeinegrenzen.com\/index.php\/2025\/05\/05\/radfahren-in-kaernten\/#article\",\"isPartOf\":{\"@id\":\"https:\/\/respektieredeinegrenzen.com\/index.php\/2025\/05\/05\/radfahren-in-kaernten\/#webpage\"},\"author\":{\"@id\":\"https:\/\/respektieredeinegrenzen.com\/#\/schema\/person\/a40213d567c199261a47ce0d04b4f66e\"},\"headline\":\"Radfahren in K\\u00e4rnten\",\"datePublished\":\"2025-05-05T11:47:00+00:00\",\"dateModified\":\"2025-07-15T11:30:07+00:00\",\"mainEntityOfPage\":{\"@id\":\"https:\/\/respektieredeinegrenzen.com\/index.php\/2025\/05\/05\/radfahren-in-kaernten\/#webpage\"},\"wordCount\":76,\"commentCount\":0,\"publisher\":{\"@id\":\"https:\/\/respektieredeinegrenzen.com\/#organization\"},\"image\":{\"@id\":\"https:\/\/respektieredeinegrenzen.com\/index.php\/2025\/05\/05\/radfahren-in-kaernten\/#primaryimage\"},\"thumbnailUrl\":\"https:\/\/respektieredeinegrenzen.com\/wp-content\/uploads\/2022\/05\/millstaetter_see_berggasthof_bergfried_doebriach_Uwe-Geissler_Kaernten-Werbung.jpg\",\"articleSection\":[\"Winterwissen\"],\"inLanguage\":\"de\",\"potentialAction\":[{\"@type\":\"CommentAction\",\"name\":\"Comment\",\"target\":[\"https:\/\/respektieredeinegrenzen.com\/index.php\/2025\/05\/05\/radfahren-in-kaernten\/#respond\"]}]},{\"@type\":\"Person\",\"@id\":\"https:\/\/respektieredeinegrenzen.com\/#\/schema\/person\/a40213d567c199261a47ce0d04b4f66e\",\"name\":\"admin\",\"image\":{\"@type\":\"ImageObject\",\"@id\":\"https:\/\/respektieredeinegrenzen.com\/#personlogo\",\"inLanguage\":\"de\",\"url\":\"https:\/\/secure.gravatar.com\/avatar\/69bd86ea1bce7d6f2fb5f8a262b9fb16d340ba6efea75516f65b780e6259bda7?s=96&d=mm&r=g\",\"contentUrl\":\"https:\/\/secure.gravatar.com\/avatar\/69bd86ea1bce7d6f2fb5f8a262b9fb16d340ba6efea75516f65b780e6259bda7?s=96&d=mm&r=g\",\"caption\":\"admin\"},\"sameAs\":[\"https:\/\/respektieredeinegrenzen.com\"],\"url\":\"https:\/\/respektieredeinegrenzen.com\/index.php\/author\/domi\/\"}]}<\/script>\n<!-- \/ Yoast SEO plugin. -->","jetpack_featured_media_url":"https:\/\/respektieredeinegrenzen.com\/wp-content\/uploads\/2022\/05\/millstaetter_see_berggasthof_bergfried_doebriach_Uwe-Geissler_Kaernten-Werbung.jpg","jetpack_sharing_enabled":true,"_links":{"self":[{"href":"https:\/\/respektieredeinegrenzen.com\/index.php\/wp-json\/wp\/v2\/posts\/1125","targetHints":{"allow":["GET"]}}],"collection":[{"href":"https:\/\/respektieredeinegrenzen.com\/index.php\/wp-json\/wp\/v2\/posts"}],"about":[{"href":"https:\/\/respektieredeinegrenzen.com\/index.php\/wp-json\/wp\/v2\/types\/post"}],"author":[{"embeddable":true,"href":"https:\/\/respektieredeinegrenzen.com\/index.php\/wp-json\/wp\/v2\/users\/1"}],"replies":[{"embeddable":true,"href":"https:\/\/respektieredeinegrenzen.com\/index.php\/wp-json\/wp\/v2\/comments?post=1125"}],"version-history":[{"count":1,"href":"https:\/\/respektieredeinegrenzen.com\/index.php\/wp-json\/wp\/v2\/posts\/1125\/revisions"}],"predecessor-version":[{"id":1127,"href":"https:\/\/respektieredeinegrenzen.com\/index.php\/wp-json\/wp\/v2\/posts\/1125\/revisions\/1127"}],"wp:featuredmedia":[{"embeddable":true,"href":"https:\/\/respektieredeinegrenzen.com\/index.php\/wp-json\/wp\/v2\/media\/1126"}],"wp:attachment":[{"href":"https:\/\/respektieredeinegrenzen.com\/index.php\/wp-json\/wp\/v2\/media?parent=1125"}],"wp:term":[{"taxonomy":"category","embeddable":true,"href":"https:\/\/respektieredeinegrenzen.com\/index.php\/wp-json\/wp\/v2\/categories?post=1125"},{"taxonomy":"post_tag","embeddable":true,"href":"https:\/\/respektieredeinegrenzen.com\/index.php\/wp-json\/wp\/v2\/tags?post=1125"},{"taxonomy":"post_series","embeddable":true,"href":"https:\/\/respektieredeinegrenzen.com\/index.php\/wp-json\/wp\/v2\/post_series?post=1125"}],"curies":[{"name":"wp","href":"https:\/\/api.w.org\/{rel}","templated":true}]}}